{"id":63345,"date":"2023-10-06T12:29:54","date_gmt":"2023-10-06T10:29:54","guid":{"rendered":"http:\/\/www.royalhouseofgeorgia.ge\/?p=63345"},"modified":"2023-12-01T10:43:25","modified_gmt":"2023-12-01T09:43:25","slug":"portuguese-royal-wedding","status":"publish","type":"post","link":"https:\/\/www.royalhouseofgeorgia.ge\/ka-ge\/portuguese-royal-wedding\/","title":{"rendered":"Portuguese Royal Wedding"},"content":{"rendered":"<p>[et_pb_section fb_built=&#8221;1&#8243; admin_label=&#8221;section&#8221; _builder_version=&#8221;4.23.1&#8243; custom_padding=&#8221;0px|0px||0px|false|true&#8221; global_colors_info=&#8221;{}&#8221;][et_pb_row admin_label=&#8221;row&#8221; _builder_version=&#8221;4.23.1&#8243; background_size=&#8221;initial&#8221; background_position=&#8221;top_left&#8221; background_repeat=&#8221;repeat&#8221; width=&#8221;100%&#8221; max_width=&#8221;100%&#8221; module_alignment=&#8221;center&#8221; custom_padding=&#8221;|15px||15px|false|true&#8221; hover_enabled=&#8221;0&#8243; global_colors_info=&#8221;{}&#8221; sticky_enabled=&#8221;0&#8243;][et_pb_column type=&#8221;4_4&#8243; _builder_version=&#8221;4.16&#8243; custom_padding=&#8221;|||&#8221; global_colors_info=&#8221;{}&#8221; custom_padding__hover=&#8221;|||&#8221;][et_pb_text _builder_version=&#8221;4.23.1&#8243; _module_preset=&#8221;default&#8221; custom_padding=&#8221;|0px||0px|false|true&#8221; hover_enabled=&#8221;0&#8243; global_colors_info=&#8221;{}&#8221; sticky_enabled=&#8221;0&#8243;]<\/p>\n<p class=\"p1\">H.R.H. The Crown Prince Davit of Georgia attend Portuguese Royal Wedding ,radiant Infanta Maria-Francisca de Bragan\u00e7a, Duchess of Coimbra and daughter of the Duke and Duchess of Bragan\u00e7a, married the charming Dr Duarte de Sousa Ara\u00fajo Martins is a moving nuptial mass held at the Royal Basilica of Mafra.<\/p>\n<p class=\"p1\">The Catholic nuptial mass took place in the Royal Basilica of Mafra and presided over by Cardinal Patriarch Emeritus D. Manuel Clemente and concelebrated by Cardinal D. Am\u00e9rico Aguiar together with bishops and priests.<span class=\"Apple-converted-space\">\u00a0<\/span><\/p>\n<p class=\"p1\">Thousands of family and friends attended this happy event held at the UNESCO world heritage site completed in 1755.<span class=\"Apple-converted-space\">\u00a0<\/span><\/p>\n<p class=\"p1\">A joyful royal and spiritual event took place in Mafra for the first time since 1910 and this time in the presence of the highest representatives of the republican state which in 1910 seized the reins of power from the king.<span class=\"Apple-converted-space\">\u00a0<\/span><\/p>\n<p class=\"p1\">To witness the President of the Republic Marcelo Rebelo de Sousa leave the royal basilica accompanying the Duchess of Bragan\u00e7a.<\/p>\n<p class=\"p1\">It showed both the dignity and maturity of Portugal\u2019s republican institutions towards the country\u2019s royal family. It showed too the dynasty\u2019s respect for the institutions of the republic which replaced them 113 years ago.<span class=\"Apple-converted-space\">\u00a0<\/span><\/p>\n<p class=\"p1\">This was another clear illustration of the maturity of democracy in Portugal, and a recognition on the part of both parties that each had a complimentary role to play in defending, supporting and promoting Portugal.<\/p>\n<p class=\"p1\">Representatives of many reigning and non reigning royal and imperial families also attended to support the young couple on their special day.<span class=\"Apple-converted-space\">\u00a0<\/span><\/p>\n<p class=\"p1\">It was good to catch up with many \u00a0friends of old. This included from Portugal, Jordan, Luxembourg, Bulgaria, Belgium, Georgia, Albania and the Prince &amp; Grand Master of the Order of Malta.<\/p>\n<p class=\"p1\">The guests were also treated to a feast of Portuguese meat and fish dishes, wines and cakes.<span class=\"Apple-converted-space\">\u00a0<\/span><\/p>\n<p class=\"p1\">Truly a memorable day and above all a very happy one for the young couple and their family and friends who were there to support them on their special day.<\/p>\n<p>[\/et_pb_text][et_pb_gallery gallery_ids=&#8221;63348,63349&#8243; show_title_and_caption=&#8221;off&#8221; _builder_version=&#8221;4.23.1&#8243; _module_preset=&#8221;default&#8221; global_colors_info=&#8221;{}&#8221;][\/et_pb_gallery][\/et_pb_column][\/et_pb_row][\/et_pb_section]<\/p>\n","protected":false},"excerpt":{"rendered":"<p>H.R.H. The Crown Prince Davit of Georgia attend Portuguese Royal Wedding ,radiant Infanta Maria-Francisca de Bragan\u00e7a, Duchess of Coimbra and daughter of the Duke and Duchess of Bragan\u00e7a, married the charming Dr Duarte de Sousa Ara\u00fajo Martins is a moving nuptial mass held at the Royal Basilica of Mafra. The Catholic nuptial mass took place [&hellip;]<\/p>\n","protected":false},"author":2,"featured_media":63349,"comment_status":"closed","ping_status":"open","sticky":false,"template":"","format":"standard","meta":{"_et_pb_use_builder":"on","_et_pb_old_content":"","_et_gb_content_width":"","footnotes":""},"categories":[7],"tags":[],"class_list":["post-63345","post","type-post","status-publish","format-standard","has-post-thumbnail","hentry","category-news"],"yoast_head":"<!-- This site is optimized with the Yoast SEO plugin v27.4 - https:\/\/yoast.com\/product\/yoast-seo-wordpress\/ -->\n<title>Portuguese Royal Wedding<\/title>\n<meta name=\"robots\" content=\"index, follow, max-snippet:-1, max-image-preview:large, max-video-preview:-1\" \/>\n<link rel=\"canonical\" href=\"https:\/\/www.royalhouseofgeorgia.ge\/ka-ge\/portuguese-royal-wedding\/\" \/>\n<meta property=\"og:locale\" content=\"ka_GE\" \/>\n<meta property=\"og:type\" content=\"article\" \/>\n<meta property=\"og:title\" content=\"Portuguese Royal Wedding\" \/>\n<meta property=\"og:description\" content=\"H.R.H. The Crown Prince Davit of Georgia attend Portuguese Royal Wedding ,radiant Infanta Maria-Francisca de Bragan\u00e7a, Duchess of Coimbra and daughter of the Duke and Duchess of Bragan\u00e7a, married the charming Dr Duarte de Sousa Ara\u00fajo Martins is a moving nuptial mass held at the Royal Basilica of Mafra. The Catholic nuptial mass took place [&hellip;]\" \/>\n<meta property=\"og:url\" content=\"https:\/\/www.royalhouseofgeorgia.ge\/ka-ge\/portuguese-royal-wedding\/\" \/>\n<meta property=\"og:site_name\" content=\"The Royal House of Georgia\" \/>\n<meta property=\"article:published_time\" content=\"2023-10-06T10:29:54+00:00\" \/>\n<meta property=\"article:modified_time\" content=\"2023-12-01T09:43:25+00:00\" \/>\n<meta property=\"og:image\" content=\"https:\/\/www.royalhouseofgeorgia.ge\/wp-content\/uploads\/2023\/10\/Portuguese-Royal-Wedding-2.png\" \/>\n\t<meta property=\"og:image:width\" content=\"700\" \/>\n\t<meta property=\"og:image:height\" content=\"468\" \/>\n\t<meta property=\"og:image:type\" content=\"image\/png\" \/>\n<meta name=\"author\" content=\"Editorial Staff\" \/>\n<meta name=\"twitter:card\" content=\"summary_large_image\" \/>\n<meta name=\"twitter:label1\" content=\"Written by\" \/>\n\t<meta name=\"twitter:data1\" content=\"Editorial Staff\" \/>\n\t<meta name=\"twitter:label2\" content=\"Est. reading time\" \/>\n\t<meta name=\"twitter:data2\" content=\"2 \u10ec\u10e3\u10d7\u10d8\" \/>\n<script type=\"application\/ld+json\" class=\"yoast-schema-graph\">{\"@context\":\"https:\\\/\\\/schema.org\",\"@graph\":[{\"@type\":\"Article\",\"@id\":\"https:\\\/\\\/www.royalhouseofgeorgia.ge\\\/ka-ge\\\/portuguese-royal-wedding\\\/#article\",\"isPartOf\":{\"@id\":\"https:\\\/\\\/www.royalhouseofgeorgia.ge\\\/ka-ge\\\/portuguese-royal-wedding\\\/\"},\"author\":{\"name\":\"Editorial Staff\",\"@id\":\"https:\\\/\\\/www.royalhouseofgeorgia.ge\\\/ka-ge\\\/#\\\/schema\\\/person\\\/7af73bbff967380cd4a3478b8bfff705\"},\"headline\":\"Portuguese Royal Wedding\",\"datePublished\":\"2023-10-06T10:29:54+00:00\",\"dateModified\":\"2023-12-01T09:43:25+00:00\",\"mainEntityOfPage\":{\"@id\":\"https:\\\/\\\/www.royalhouseofgeorgia.ge\\\/ka-ge\\\/portuguese-royal-wedding\\\/\"},\"wordCount\":467,\"publisher\":{\"@id\":\"https:\\\/\\\/www.royalhouseofgeorgia.ge\\\/ka-ge\\\/#organization\"},\"image\":{\"@id\":\"https:\\\/\\\/www.royalhouseofgeorgia.ge\\\/ka-ge\\\/portuguese-royal-wedding\\\/#primaryimage\"},\"thumbnailUrl\":\"https:\\\/\\\/www.royalhouseofgeorgia.ge\\\/wp-content\\\/uploads\\\/2023\\\/10\\\/Portuguese-Royal-Wedding-2.png\",\"articleSection\":[\"News\"],\"inLanguage\":\"ka-GE\"},{\"@type\":\"WebPage\",\"@id\":\"https:\\\/\\\/www.royalhouseofgeorgia.ge\\\/ka-ge\\\/portuguese-royal-wedding\\\/\",\"url\":\"https:\\\/\\\/www.royalhouseofgeorgia.ge\\\/ka-ge\\\/portuguese-royal-wedding\\\/\",\"name\":\"Portuguese Royal Wedding\",\"isPartOf\":{\"@id\":\"https:\\\/\\\/www.royalhouseofgeorgia.ge\\\/ka-ge\\\/#website\"},\"primaryImageOfPage\":{\"@id\":\"https:\\\/\\\/www.royalhouseofgeorgia.ge\\\/ka-ge\\\/portuguese-royal-wedding\\\/#primaryimage\"},\"image\":{\"@id\":\"https:\\\/\\\/www.royalhouseofgeorgia.ge\\\/ka-ge\\\/portuguese-royal-wedding\\\/#primaryimage\"},\"thumbnailUrl\":\"https:\\\/\\\/www.royalhouseofgeorgia.ge\\\/wp-content\\\/uploads\\\/2023\\\/10\\\/Portuguese-Royal-Wedding-2.png\",\"datePublished\":\"2023-10-06T10:29:54+00:00\",\"dateModified\":\"2023-12-01T09:43:25+00:00\",\"breadcrumb\":{\"@id\":\"https:\\\/\\\/www.royalhouseofgeorgia.ge\\\/ka-ge\\\/portuguese-royal-wedding\\\/#breadcrumb\"},\"inLanguage\":\"ka-GE\",\"potentialAction\":[{\"@type\":\"ReadAction\",\"target\":[\"https:\\\/\\\/www.royalhouseofgeorgia.ge\\\/ka-ge\\\/portuguese-royal-wedding\\\/\"]}]},{\"@type\":\"ImageObject\",\"inLanguage\":\"ka-GE\",\"@id\":\"https:\\\/\\\/www.royalhouseofgeorgia.ge\\\/ka-ge\\\/portuguese-royal-wedding\\\/#primaryimage\",\"url\":\"https:\\\/\\\/www.royalhouseofgeorgia.ge\\\/wp-content\\\/uploads\\\/2023\\\/10\\\/Portuguese-Royal-Wedding-2.png\",\"contentUrl\":\"https:\\\/\\\/www.royalhouseofgeorgia.ge\\\/wp-content\\\/uploads\\\/2023\\\/10\\\/Portuguese-Royal-Wedding-2.png\",\"width\":700,\"height\":468,\"caption\":\"Portuguese Royal Wedding (2)\"},{\"@type\":\"BreadcrumbList\",\"@id\":\"https:\\\/\\\/www.royalhouseofgeorgia.ge\\\/ka-ge\\\/portuguese-royal-wedding\\\/#breadcrumb\",\"itemListElement\":[{\"@type\":\"ListItem\",\"position\":1,\"name\":\"Portada\",\"item\":\"https:\\\/\\\/www.royalhouseofgeorgia.ge\\\/ka-ge\\\/\"},{\"@type\":\"ListItem\",\"position\":2,\"name\":\"Portuguese Royal Wedding\"}]},{\"@type\":\"WebSite\",\"@id\":\"https:\\\/\\\/www.royalhouseofgeorgia.ge\\\/ka-ge\\\/#website\",\"url\":\"https:\\\/\\\/www.royalhouseofgeorgia.ge\\\/ka-ge\\\/\",\"name\":\"The Royal House of Georgia\",\"description\":\"\u10e1\u10d0\u10e5\u10d0\u10e0\u10d7\u10d5\u10d4\u10da\u10dd\u10e1 \u10e1\u10d0\u10db\u10d4\u10e4\u10dd \u10e1\u10d0\u10ee\u10da\u10d8\",\"publisher\":{\"@id\":\"https:\\\/\\\/www.royalhouseofgeorgia.ge\\\/ka-ge\\\/#organization\"},\"potentialAction\":[{\"@type\":\"SearchAction\",\"target\":{\"@type\":\"EntryPoint\",\"urlTemplate\":\"https:\\\/\\\/www.royalhouseofgeorgia.ge\\\/ka-ge\\\/?s={search_term_string}\"},\"query-input\":{\"@type\":\"PropertyValueSpecification\",\"valueRequired\":true,\"valueName\":\"search_term_string\"}}],\"inLanguage\":\"ka-GE\"},{\"@type\":\"Organization\",\"@id\":\"https:\\\/\\\/www.royalhouseofgeorgia.ge\\\/ka-ge\\\/#organization\",\"name\":\"The Royal House of Georgia\",\"url\":\"https:\\\/\\\/www.royalhouseofgeorgia.ge\\\/ka-ge\\\/\",\"logo\":{\"@type\":\"ImageObject\",\"inLanguage\":\"ka-GE\",\"@id\":\"https:\\\/\\\/www.royalhouseofgeorgia.ge\\\/ka-ge\\\/#\\\/schema\\\/logo\\\/image\\\/\",\"url\":\"https:\\\/\\\/www.royalhouseofgeorgia.ge\\\/wp-content\\\/uploads\\\/2019\\\/04\\\/cropped-coat-manto2.png\",\"contentUrl\":\"https:\\\/\\\/www.royalhouseofgeorgia.ge\\\/wp-content\\\/uploads\\\/2019\\\/04\\\/cropped-coat-manto2.png\",\"width\":512,\"height\":512,\"caption\":\"The Royal House of Georgia\"},\"image\":{\"@id\":\"https:\\\/\\\/www.royalhouseofgeorgia.ge\\\/ka-ge\\\/#\\\/schema\\\/logo\\\/image\\\/\"}},{\"@type\":\"Person\",\"@id\":\"https:\\\/\\\/www.royalhouseofgeorgia.ge\\\/ka-ge\\\/#\\\/schema\\\/person\\\/7af73bbff967380cd4a3478b8bfff705\",\"name\":\"Editorial Staff\",\"image\":{\"@type\":\"ImageObject\",\"inLanguage\":\"ka-GE\",\"@id\":\"https:\\\/\\\/secure.gravatar.com\\\/avatar\\\/a10c515f0fe9c5af56d93a83a5749bed1b793686a8719ca5c5a448a326ad7149?s=96&d=mm&r=g\",\"url\":\"https:\\\/\\\/secure.gravatar.com\\\/avatar\\\/a10c515f0fe9c5af56d93a83a5749bed1b793686a8719ca5c5a448a326ad7149?s=96&d=mm&r=g\",\"contentUrl\":\"https:\\\/\\\/secure.gravatar.com\\\/avatar\\\/a10c515f0fe9c5af56d93a83a5749bed1b793686a8719ca5c5a448a326ad7149?s=96&d=mm&r=g\",\"caption\":\"Editorial Staff\"}}]}<\/script>\n<!-- \/ Yoast SEO plugin. -->","yoast_head_json":{"title":"Portuguese Royal Wedding","robots":{"index":"index","follow":"follow","max-snippet":"max-snippet:-1","max-image-preview":"max-image-preview:large","max-video-preview":"max-video-preview:-1"},"canonical":"https:\/\/www.royalhouseofgeorgia.ge\/ka-ge\/portuguese-royal-wedding\/","og_locale":"ka_GE","og_type":"article","og_title":"Portuguese Royal Wedding","og_description":"H.R.H. The Crown Prince Davit of Georgia attend Portuguese Royal Wedding ,radiant Infanta Maria-Francisca de Bragan\u00e7a, Duchess of Coimbra and daughter of the Duke and Duchess of Bragan\u00e7a, married the charming Dr Duarte de Sousa Ara\u00fajo Martins is a moving nuptial mass held at the Royal Basilica of Mafra. The Catholic nuptial mass took place [&hellip;]","og_url":"https:\/\/www.royalhouseofgeorgia.ge\/ka-ge\/portuguese-royal-wedding\/","og_site_name":"The Royal House of Georgia","article_published_time":"2023-10-06T10:29:54+00:00","article_modified_time":"2023-12-01T09:43:25+00:00","og_image":[{"width":700,"height":468,"url":"https:\/\/www.royalhouseofgeorgia.ge\/wp-content\/uploads\/2023\/10\/Portuguese-Royal-Wedding-2.png","type":"image\/png"}],"author":"Editorial Staff","twitter_card":"summary_large_image","twitter_misc":{"Written by":"Editorial Staff","Est. reading time":"2 \u10ec\u10e3\u10d7\u10d8"},"schema":{"@context":"https:\/\/schema.org","@graph":[{"@type":"Article","@id":"https:\/\/www.royalhouseofgeorgia.ge\/ka-ge\/portuguese-royal-wedding\/#article","isPartOf":{"@id":"https:\/\/www.royalhouseofgeorgia.ge\/ka-ge\/portuguese-royal-wedding\/"},"author":{"name":"Editorial Staff","@id":"https:\/\/www.royalhouseofgeorgia.ge\/ka-ge\/#\/schema\/person\/7af73bbff967380cd4a3478b8bfff705"},"headline":"Portuguese Royal Wedding","datePublished":"2023-10-06T10:29:54+00:00","dateModified":"2023-12-01T09:43:25+00:00","mainEntityOfPage":{"@id":"https:\/\/www.royalhouseofgeorgia.ge\/ka-ge\/portuguese-royal-wedding\/"},"wordCount":467,"publisher":{"@id":"https:\/\/www.royalhouseofgeorgia.ge\/ka-ge\/#organization"},"image":{"@id":"https:\/\/www.royalhouseofgeorgia.ge\/ka-ge\/portuguese-royal-wedding\/#primaryimage"},"thumbnailUrl":"https:\/\/www.royalhouseofgeorgia.ge\/wp-content\/uploads\/2023\/10\/Portuguese-Royal-Wedding-2.png","articleSection":["News"],"inLanguage":"ka-GE"},{"@type":"WebPage","@id":"https:\/\/www.royalhouseofgeorgia.ge\/ka-ge\/portuguese-royal-wedding\/","url":"https:\/\/www.royalhouseofgeorgia.ge\/ka-ge\/portuguese-royal-wedding\/","name":"Portuguese Royal Wedding","isPartOf":{"@id":"https:\/\/www.royalhouseofgeorgia.ge\/ka-ge\/#website"},"primaryImageOfPage":{"@id":"https:\/\/www.royalhouseofgeorgia.ge\/ka-ge\/portuguese-royal-wedding\/#primaryimage"},"image":{"@id":"https:\/\/www.royalhouseofgeorgia.ge\/ka-ge\/portuguese-royal-wedding\/#primaryimage"},"thumbnailUrl":"https:\/\/www.royalhouseofgeorgia.ge\/wp-content\/uploads\/2023\/10\/Portuguese-Royal-Wedding-2.png","datePublished":"2023-10-06T10:29:54+00:00","dateModified":"2023-12-01T09:43:25+00:00","breadcrumb":{"@id":"https:\/\/www.royalhouseofgeorgia.ge\/ka-ge\/portuguese-royal-wedding\/#breadcrumb"},"inLanguage":"ka-GE","potentialAction":[{"@type":"ReadAction","target":["https:\/\/www.royalhouseofgeorgia.ge\/ka-ge\/portuguese-royal-wedding\/"]}]},{"@type":"ImageObject","inLanguage":"ka-GE","@id":"https:\/\/www.royalhouseofgeorgia.ge\/ka-ge\/portuguese-royal-wedding\/#primaryimage","url":"https:\/\/www.royalhouseofgeorgia.ge\/wp-content\/uploads\/2023\/10\/Portuguese-Royal-Wedding-2.png","contentUrl":"https:\/\/www.royalhouseofgeorgia.ge\/wp-content\/uploads\/2023\/10\/Portuguese-Royal-Wedding-2.png","width":700,"height":468,"caption":"Portuguese Royal Wedding (2)"},{"@type":"BreadcrumbList","@id":"https:\/\/www.royalhouseofgeorgia.ge\/ka-ge\/portuguese-royal-wedding\/#breadcrumb","itemListElement":[{"@type":"ListItem","position":1,"name":"Portada","item":"https:\/\/www.royalhouseofgeorgia.ge\/ka-ge\/"},{"@type":"ListItem","position":2,"name":"Portuguese Royal Wedding"}]},{"@type":"WebSite","@id":"https:\/\/www.royalhouseofgeorgia.ge\/ka-ge\/#website","url":"https:\/\/www.royalhouseofgeorgia.ge\/ka-ge\/","name":"The Royal House of Georgia","description":"\u10e1\u10d0\u10e5\u10d0\u10e0\u10d7\u10d5\u10d4\u10da\u10dd\u10e1 \u10e1\u10d0\u10db\u10d4\u10e4\u10dd \u10e1\u10d0\u10ee\u10da\u10d8","publisher":{"@id":"https:\/\/www.royalhouseofgeorgia.ge\/ka-ge\/#organization"},"potentialAction":[{"@type":"SearchAction","target":{"@type":"EntryPoint","urlTemplate":"https:\/\/www.royalhouseofgeorgia.ge\/ka-ge\/?s={search_term_string}"},"query-input":{"@type":"PropertyValueSpecification","valueRequired":true,"valueName":"search_term_string"}}],"inLanguage":"ka-GE"},{"@type":"Organization","@id":"https:\/\/www.royalhouseofgeorgia.ge\/ka-ge\/#organization","name":"The Royal House of Georgia","url":"https:\/\/www.royalhouseofgeorgia.ge\/ka-ge\/","logo":{"@type":"ImageObject","inLanguage":"ka-GE","@id":"https:\/\/www.royalhouseofgeorgia.ge\/ka-ge\/#\/schema\/logo\/image\/","url":"https:\/\/www.royalhouseofgeorgia.ge\/wp-content\/uploads\/2019\/04\/cropped-coat-manto2.png","contentUrl":"https:\/\/www.royalhouseofgeorgia.ge\/wp-content\/uploads\/2019\/04\/cropped-coat-manto2.png","width":512,"height":512,"caption":"The Royal House of Georgia"},"image":{"@id":"https:\/\/www.royalhouseofgeorgia.ge\/ka-ge\/#\/schema\/logo\/image\/"}},{"@type":"Person","@id":"https:\/\/www.royalhouseofgeorgia.ge\/ka-ge\/#\/schema\/person\/7af73bbff967380cd4a3478b8bfff705","name":"Editorial Staff","image":{"@type":"ImageObject","inLanguage":"ka-GE","@id":"https:\/\/secure.gravatar.com\/avatar\/a10c515f0fe9c5af56d93a83a5749bed1b793686a8719ca5c5a448a326ad7149?s=96&d=mm&r=g","url":"https:\/\/secure.gravatar.com\/avatar\/a10c515f0fe9c5af56d93a83a5749bed1b793686a8719ca5c5a448a326ad7149?s=96&d=mm&r=g","contentUrl":"https:\/\/secure.gravatar.com\/avatar\/a10c515f0fe9c5af56d93a83a5749bed1b793686a8719ca5c5a448a326ad7149?s=96&d=mm&r=g","caption":"Editorial Staff"}}]}},"_links":{"self":[{"href":"https:\/\/www.royalhouseofgeorgia.ge\/ka-ge\/wp-json\/wp\/v2\/posts\/63345","targetHints":{"allow":["GET"]}}],"collection":[{"href":"https:\/\/www.royalhouseofgeorgia.ge\/ka-ge\/wp-json\/wp\/v2\/posts"}],"about":[{"href":"https:\/\/www.royalhouseofgeorgia.ge\/ka-ge\/wp-json\/wp\/v2\/types\/post"}],"author":[{"embeddable":true,"href":"https:\/\/www.royalhouseofgeorgia.ge\/ka-ge\/wp-json\/wp\/v2\/users\/2"}],"replies":[{"embeddable":true,"href":"https:\/\/www.royalhouseofgeorgia.ge\/ka-ge\/wp-json\/wp\/v2\/comments?post=63345"}],"version-history":[{"count":0,"href":"https:\/\/www.royalhouseofgeorgia.ge\/ka-ge\/wp-json\/wp\/v2\/posts\/63345\/revisions"}],"wp:featuredmedia":[{"embeddable":true,"href":"https:\/\/www.royalhouseofgeorgia.ge\/ka-ge\/wp-json\/wp\/v2\/media\/63349"}],"wp:attachment":[{"href":"https:\/\/www.royalhouseofgeorgia.ge\/ka-ge\/wp-json\/wp\/v2\/media?parent=63345"}],"wp:term":[{"taxonomy":"category","embeddable":true,"href":"https:\/\/www.royalhouseofgeorgia.ge\/ka-ge\/wp-json\/wp\/v2\/categories?post=63345"},{"taxonomy":"post_tag","embeddable":true,"href":"https:\/\/www.royalhouseofgeorgia.ge\/ka-ge\/wp-json\/wp\/v2\/tags?post=63345"}],"curies":[{"name":"wp","href":"https:\/\/api.w.org\/{rel}","templated":true}]}}