{"id":63135,"date":"2017-07-11T12:00:09","date_gmt":"2017-07-11T10:00:09","guid":{"rendered":"http:\/\/www.royalhouseofgeorgia.ge\/?p=63135"},"modified":"2023-11-21T12:06:41","modified_gmt":"2023-11-21T11:06:41","slug":"commemoration-of-the-25th-anniversary-of-the-diplomatic-bilateral-relations-between-georgia-and-the-kingdom-of-spain","status":"publish","type":"post","link":"https:\/\/www.royalhouseofgeorgia.ge\/ka-ge\/commemoration-of-the-25th-anniversary-of-the-diplomatic-bilateral-relations-between-georgia-and-the-kingdom-of-spain\/","title":{"rendered":"Commemoration of the 25th anniversary of the diplomatic bilateral relations between Georgia and the Kingdom of Spain"},"content":{"rendered":"<p>[et_pb_section fb_built=&#8221;1&#8243; admin_label=&#8221;section&#8221; _builder_version=&#8221;4.16&#8243; custom_padding=&#8221;0px|||||&#8221; global_colors_info=&#8221;{}&#8221;][et_pb_row admin_label=&#8221;row&#8221; _builder_version=&#8221;4.23.1&#8243; background_size=&#8221;initial&#8221; background_position=&#8221;top_left&#8221; background_repeat=&#8221;repeat&#8221; width=&#8221;100%&#8221; max_width=&#8221;100%&#8221; module_alignment=&#8221;center&#8221; global_colors_info=&#8221;{}&#8221;][et_pb_column type=&#8221;4_4&#8243; _builder_version=&#8221;4.16&#8243; custom_padding=&#8221;|||&#8221; global_colors_info=&#8221;{}&#8221; custom_padding__hover=&#8221;|||&#8221;][et_pb_text _builder_version=&#8221;4.23.1&#8243; _module_preset=&#8221;default&#8221; hover_enabled=&#8221;0&#8243; global_colors_info=&#8221;{}&#8221; sticky_enabled=&#8221;0&#8243;]<\/p>\n<div><span style=\"color: #1a0a53;\">On July 11th 2017 , H.R.H. Crown Prince Davit of Georgia alongside H.R.H. Prince Ugo attended the 25th anniversary since the establishment of the diplomatic bilateral relations between Georgia and The Kingdom of Spain which took place in Tbilisi, Georgia.<\/span><\/div>\n<div><span style=\"color: #1a0a53;\">\u00a0<\/span><\/div>\n<div><span style=\"color: #1a0a53;\">Attendees to the event included Georgia\u00b4s Deputy\u00a0Minister of Foreign Affairs, H.E. David Zalkaliani, the Hon. Ambassador of Spain to Turkey, H.E.Rafael Mend\u00edvil, the Hon. Ambassador of Brazil to Georgia, C\u00edcero Martins Garc\u00eda, the Hon. Ambassador of the European Union to Georgia, Janos Hermann and Mr. Rudolf Michalka, The Head of Mission of Slovakia,\u00a0amongst others.<\/span><\/div>\n<div><span style=\"color: #1a0a53;\">\u00a0<\/span><\/div>\n<div>\n<p><span style=\"color: #1a0a53;\">During the event the renowned Spanish artist Mr. Carlos Garc\u00eda Lahos granted the city of Tbilisi with one of his admirable sculptures.<\/p>\n<p><\/span><\/div>\n<div><div id=\"attachment_63138\" style=\"width: 710px\" class=\"wp-caption aligncenter\"><img loading=\"lazy\" decoding=\"async\" aria-describedby=\"caption-attachment-63138\" class=\"wp-image-63138 size-full\" src=\"http:\/\/www.royalhouseofgeorgia.ge\/wp-content\/uploads\/2017\/07\/Commemoration-of-the-25th-anniversary-of-the-diplomatic-bilateral-relations-between-Georgia-and-the-Kingdom-of-Spain.png\" alt=\"Commemoration of the 25th anniversary of the diplomatic bilateral relations between Georgia and the Kingdom of Spain\" width=\"700\" height=\"506\" srcset=\"http:\/\/www.royalhouseofgeorgia.ge\/wp-content\/uploads\/2017\/07\/Commemoration-of-the-25th-anniversary-of-the-diplomatic-bilateral-relations-between-Georgia-and-the-Kingdom-of-Spain.png 700w, http:\/\/www.royalhouseofgeorgia.ge\/wp-content\/uploads\/2017\/07\/Commemoration-of-the-25th-anniversary-of-the-diplomatic-bilateral-relations-between-Georgia-and-the-Kingdom-of-Spain-480x347.png 480w\" sizes=\"(min-width: 0px) and (max-width: 480px) 480px, (min-width: 481px) 700px, 100vw\" \/><p id=\"caption-attachment-63138\" class=\"wp-caption-text\"><em>Picture form left to right H.R.H. Prince Ugo, Ambassador of the Kingdom of Spain to Turkey, Rafael Mend\u00edvil, HRH Crown Prince Davit of Georgia , Mr Mikheil Akhvlediani Honorary Consul of the Kingdom of Spain to Georgia and Mr Victor Murcia Head of the Mission of the Kingdom of Spain to Georgia .<\/em><\/p><\/div><\/div>\n<p>[\/et_pb_text][\/et_pb_column][\/et_pb_row][\/et_pb_section]<\/p>\n","protected":false},"excerpt":{"rendered":"<p>On July 11th 2017 , H.R.H. Crown Prince Davit of Georgia alongside H.R.H. Prince Ugo attended the 25th anniversary since the establishment of the diplomatic bilateral relations between Georgia and The Kingdom of Spain which took place in Tbilisi, Georgia. \u00a0 Attendees to the event included Georgia\u00b4s Deputy\u00a0Minister of Foreign Affairs, H.E. David Zalkaliani, the [&hellip;]<\/p>\n","protected":false},"author":2,"featured_media":63138,"comment_status":"closed","ping_status":"open","sticky":false,"template":"","format":"standard","meta":{"_et_pb_use_builder":"on","_et_pb_old_content":"","_et_gb_content_width":"","footnotes":""},"categories":[7],"tags":[],"class_list":["post-63135","post","type-post","status-publish","format-standard","has-post-thumbnail","hentry","category-news"],"yoast_head":"<!-- This site is optimized with the Yoast SEO plugin v27.4 - https:\/\/yoast.com\/product\/yoast-seo-wordpress\/ -->\n<title>Commemoration of the 25th anniversary of the diplomatic bilateral relations between Georgia and the Kingdom of Spain<\/title>\n<meta name=\"robots\" content=\"index, follow, max-snippet:-1, max-image-preview:large, max-video-preview:-1\" \/>\n<link rel=\"canonical\" href=\"https:\/\/www.royalhouseofgeorgia.ge\/ka-ge\/commemoration-of-the-25th-anniversary-of-the-diplomatic-bilateral-relations-between-georgia-and-the-kingdom-of-spain\/\" \/>\n<meta property=\"og:locale\" content=\"ka_GE\" \/>\n<meta property=\"og:type\" content=\"article\" \/>\n<meta property=\"og:title\" content=\"Commemoration of the 25th anniversary of the diplomatic bilateral relations between Georgia and the Kingdom of Spain\" \/>\n<meta property=\"og:description\" content=\"On July 11th 2017 , H.R.H. Crown Prince Davit of Georgia alongside H.R.H. Prince Ugo attended the 25th anniversary since the establishment of the diplomatic bilateral relations between Georgia and The Kingdom of Spain which took place in Tbilisi, Georgia. \u00a0 Attendees to the event included Georgia\u00b4s Deputy\u00a0Minister of Foreign Affairs, H.E. David Zalkaliani, the [&hellip;]\" \/>\n<meta property=\"og:url\" content=\"https:\/\/www.royalhouseofgeorgia.ge\/ka-ge\/commemoration-of-the-25th-anniversary-of-the-diplomatic-bilateral-relations-between-georgia-and-the-kingdom-of-spain\/\" \/>\n<meta property=\"og:site_name\" content=\"The Royal House of Georgia\" \/>\n<meta property=\"article:published_time\" content=\"2017-07-11T10:00:09+00:00\" \/>\n<meta property=\"article:modified_time\" content=\"2023-11-21T11:06:41+00:00\" \/>\n<meta property=\"og:image\" content=\"https:\/\/www.royalhouseofgeorgia.ge\/wp-content\/uploads\/2017\/07\/Commemoration-of-the-25th-anniversary-of-the-diplomatic-bilateral-relations-between-Georgia-and-the-Kingdom-of-Spain.png\" \/>\n\t<meta property=\"og:image:width\" content=\"700\" \/>\n\t<meta property=\"og:image:height\" content=\"506\" \/>\n\t<meta property=\"og:image:type\" content=\"image\/png\" \/>\n<meta name=\"author\" content=\"Editorial Staff\" \/>\n<meta name=\"twitter:card\" content=\"summary_large_image\" \/>\n<meta name=\"twitter:label1\" content=\"Written by\" \/>\n\t<meta name=\"twitter:data1\" content=\"Editorial Staff\" \/>\n\t<meta name=\"twitter:label2\" content=\"Est. reading time\" \/>\n\t<meta name=\"twitter:data2\" content=\"1 \u10ec\u10e3\u10d7\u10d8\" \/>\n<script type=\"application\/ld+json\" class=\"yoast-schema-graph\">{\"@context\":\"https:\\\/\\\/schema.org\",\"@graph\":[{\"@type\":\"Article\",\"@id\":\"https:\\\/\\\/www.royalhouseofgeorgia.ge\\\/ka-ge\\\/commemoration-of-the-25th-anniversary-of-the-diplomatic-bilateral-relations-between-georgia-and-the-kingdom-of-spain\\\/#article\",\"isPartOf\":{\"@id\":\"https:\\\/\\\/www.royalhouseofgeorgia.ge\\\/ka-ge\\\/commemoration-of-the-25th-anniversary-of-the-diplomatic-bilateral-relations-between-georgia-and-the-kingdom-of-spain\\\/\"},\"author\":{\"name\":\"Editorial Staff\",\"@id\":\"https:\\\/\\\/www.royalhouseofgeorgia.ge\\\/ka-ge\\\/#\\\/schema\\\/person\\\/7af73bbff967380cd4a3478b8bfff705\"},\"headline\":\"Commemoration of the 25th anniversary of the diplomatic bilateral relations between Georgia and the Kingdom of Spain\",\"datePublished\":\"2017-07-11T10:00:09+00:00\",\"dateModified\":\"2023-11-21T11:06:41+00:00\",\"mainEntityOfPage\":{\"@id\":\"https:\\\/\\\/www.royalhouseofgeorgia.ge\\\/ka-ge\\\/commemoration-of-the-25th-anniversary-of-the-diplomatic-bilateral-relations-between-georgia-and-the-kingdom-of-spain\\\/\"},\"wordCount\":290,\"publisher\":{\"@id\":\"https:\\\/\\\/www.royalhouseofgeorgia.ge\\\/ka-ge\\\/#organization\"},\"image\":{\"@id\":\"https:\\\/\\\/www.royalhouseofgeorgia.ge\\\/ka-ge\\\/commemoration-of-the-25th-anniversary-of-the-diplomatic-bilateral-relations-between-georgia-and-the-kingdom-of-spain\\\/#primaryimage\"},\"thumbnailUrl\":\"https:\\\/\\\/www.royalhouseofgeorgia.ge\\\/wp-content\\\/uploads\\\/2017\\\/07\\\/Commemoration-of-the-25th-anniversary-of-the-diplomatic-bilateral-relations-between-Georgia-and-the-Kingdom-of-Spain.png\",\"articleSection\":[\"News\"],\"inLanguage\":\"ka-GE\"},{\"@type\":\"WebPage\",\"@id\":\"https:\\\/\\\/www.royalhouseofgeorgia.ge\\\/ka-ge\\\/commemoration-of-the-25th-anniversary-of-the-diplomatic-bilateral-relations-between-georgia-and-the-kingdom-of-spain\\\/\",\"url\":\"https:\\\/\\\/www.royalhouseofgeorgia.ge\\\/ka-ge\\\/commemoration-of-the-25th-anniversary-of-the-diplomatic-bilateral-relations-between-georgia-and-the-kingdom-of-spain\\\/\",\"name\":\"Commemoration of the 25th anniversary of the diplomatic bilateral relations between Georgia and the Kingdom of Spain\",\"isPartOf\":{\"@id\":\"https:\\\/\\\/www.royalhouseofgeorgia.ge\\\/ka-ge\\\/#website\"},\"primaryImageOfPage\":{\"@id\":\"https:\\\/\\\/www.royalhouseofgeorgia.ge\\\/ka-ge\\\/commemoration-of-the-25th-anniversary-of-the-diplomatic-bilateral-relations-between-georgia-and-the-kingdom-of-spain\\\/#primaryimage\"},\"image\":{\"@id\":\"https:\\\/\\\/www.royalhouseofgeorgia.ge\\\/ka-ge\\\/commemoration-of-the-25th-anniversary-of-the-diplomatic-bilateral-relations-between-georgia-and-the-kingdom-of-spain\\\/#primaryimage\"},\"thumbnailUrl\":\"https:\\\/\\\/www.royalhouseofgeorgia.ge\\\/wp-content\\\/uploads\\\/2017\\\/07\\\/Commemoration-of-the-25th-anniversary-of-the-diplomatic-bilateral-relations-between-Georgia-and-the-Kingdom-of-Spain.png\",\"datePublished\":\"2017-07-11T10:00:09+00:00\",\"dateModified\":\"2023-11-21T11:06:41+00:00\",\"breadcrumb\":{\"@id\":\"https:\\\/\\\/www.royalhouseofgeorgia.ge\\\/ka-ge\\\/commemoration-of-the-25th-anniversary-of-the-diplomatic-bilateral-relations-between-georgia-and-the-kingdom-of-spain\\\/#breadcrumb\"},\"inLanguage\":\"ka-GE\",\"potentialAction\":[{\"@type\":\"ReadAction\",\"target\":[\"https:\\\/\\\/www.royalhouseofgeorgia.ge\\\/ka-ge\\\/commemoration-of-the-25th-anniversary-of-the-diplomatic-bilateral-relations-between-georgia-and-the-kingdom-of-spain\\\/\"]}]},{\"@type\":\"ImageObject\",\"inLanguage\":\"ka-GE\",\"@id\":\"https:\\\/\\\/www.royalhouseofgeorgia.ge\\\/ka-ge\\\/commemoration-of-the-25th-anniversary-of-the-diplomatic-bilateral-relations-between-georgia-and-the-kingdom-of-spain\\\/#primaryimage\",\"url\":\"https:\\\/\\\/www.royalhouseofgeorgia.ge\\\/wp-content\\\/uploads\\\/2017\\\/07\\\/Commemoration-of-the-25th-anniversary-of-the-diplomatic-bilateral-relations-between-Georgia-and-the-Kingdom-of-Spain.png\",\"contentUrl\":\"https:\\\/\\\/www.royalhouseofgeorgia.ge\\\/wp-content\\\/uploads\\\/2017\\\/07\\\/Commemoration-of-the-25th-anniversary-of-the-diplomatic-bilateral-relations-between-Georgia-and-the-Kingdom-of-Spain.png\",\"width\":700,\"height\":506,\"caption\":\"Picture form left to right H.R.H. Prince Ugo, Ambassador of the Kingdom of Spain to Turkey, Rafael Mend\u00edvil, HRH Crown Prince Davit of Georgia , Mr Mikheil Akhvlediani Honorary Consul of the Kingdom of Spain to Georgia and Mr Victor Murcia Head of the Mission of the Kingdom of Spain to Georgia .\"},{\"@type\":\"BreadcrumbList\",\"@id\":\"https:\\\/\\\/www.royalhouseofgeorgia.ge\\\/ka-ge\\\/commemoration-of-the-25th-anniversary-of-the-diplomatic-bilateral-relations-between-georgia-and-the-kingdom-of-spain\\\/#breadcrumb\",\"itemListElement\":[{\"@type\":\"ListItem\",\"position\":1,\"name\":\"Portada\",\"item\":\"https:\\\/\\\/www.royalhouseofgeorgia.ge\\\/ka-ge\\\/\"},{\"@type\":\"ListItem\",\"position\":2,\"name\":\"Commemoration of the 25th anniversary of the diplomatic bilateral relations between Georgia and the Kingdom of Spain\"}]},{\"@type\":\"WebSite\",\"@id\":\"https:\\\/\\\/www.royalhouseofgeorgia.ge\\\/ka-ge\\\/#website\",\"url\":\"https:\\\/\\\/www.royalhouseofgeorgia.ge\\\/ka-ge\\\/\",\"name\":\"The Royal House of Georgia\",\"description\":\"\u10e1\u10d0\u10e5\u10d0\u10e0\u10d7\u10d5\u10d4\u10da\u10dd\u10e1 \u10e1\u10d0\u10db\u10d4\u10e4\u10dd \u10e1\u10d0\u10ee\u10da\u10d8\",\"publisher\":{\"@id\":\"https:\\\/\\\/www.royalhouseofgeorgia.ge\\\/ka-ge\\\/#organization\"},\"potentialAction\":[{\"@type\":\"SearchAction\",\"target\":{\"@type\":\"EntryPoint\",\"urlTemplate\":\"https:\\\/\\\/www.royalhouseofgeorgia.ge\\\/ka-ge\\\/?s={search_term_string}\"},\"query-input\":{\"@type\":\"PropertyValueSpecification\",\"valueRequired\":true,\"valueName\":\"search_term_string\"}}],\"inLanguage\":\"ka-GE\"},{\"@type\":\"Organization\",\"@id\":\"https:\\\/\\\/www.royalhouseofgeorgia.ge\\\/ka-ge\\\/#organization\",\"name\":\"The Royal House of Georgia\",\"url\":\"https:\\\/\\\/www.royalhouseofgeorgia.ge\\\/ka-ge\\\/\",\"logo\":{\"@type\":\"ImageObject\",\"inLanguage\":\"ka-GE\",\"@id\":\"https:\\\/\\\/www.royalhouseofgeorgia.ge\\\/ka-ge\\\/#\\\/schema\\\/logo\\\/image\\\/\",\"url\":\"https:\\\/\\\/www.royalhouseofgeorgia.ge\\\/wp-content\\\/uploads\\\/2019\\\/04\\\/cropped-coat-manto2.png\",\"contentUrl\":\"https:\\\/\\\/www.royalhouseofgeorgia.ge\\\/wp-content\\\/uploads\\\/2019\\\/04\\\/cropped-coat-manto2.png\",\"width\":512,\"height\":512,\"caption\":\"The Royal House of Georgia\"},\"image\":{\"@id\":\"https:\\\/\\\/www.royalhouseofgeorgia.ge\\\/ka-ge\\\/#\\\/schema\\\/logo\\\/image\\\/\"}},{\"@type\":\"Person\",\"@id\":\"https:\\\/\\\/www.royalhouseofgeorgia.ge\\\/ka-ge\\\/#\\\/schema\\\/person\\\/7af73bbff967380cd4a3478b8bfff705\",\"name\":\"Editorial Staff\",\"image\":{\"@type\":\"ImageObject\",\"inLanguage\":\"ka-GE\",\"@id\":\"https:\\\/\\\/secure.gravatar.com\\\/avatar\\\/a10c515f0fe9c5af56d93a83a5749bed1b793686a8719ca5c5a448a326ad7149?s=96&d=mm&r=g\",\"url\":\"https:\\\/\\\/secure.gravatar.com\\\/avatar\\\/a10c515f0fe9c5af56d93a83a5749bed1b793686a8719ca5c5a448a326ad7149?s=96&d=mm&r=g\",\"contentUrl\":\"https:\\\/\\\/secure.gravatar.com\\\/avatar\\\/a10c515f0fe9c5af56d93a83a5749bed1b793686a8719ca5c5a448a326ad7149?s=96&d=mm&r=g\",\"caption\":\"Editorial Staff\"}}]}<\/script>\n<!-- \/ Yoast SEO plugin. -->","yoast_head_json":{"title":"Commemoration of the 25th anniversary of the diplomatic bilateral relations between Georgia and the Kingdom of Spain","robots":{"index":"index","follow":"follow","max-snippet":"max-snippet:-1","max-image-preview":"max-image-preview:large","max-video-preview":"max-video-preview:-1"},"canonical":"https:\/\/www.royalhouseofgeorgia.ge\/ka-ge\/commemoration-of-the-25th-anniversary-of-the-diplomatic-bilateral-relations-between-georgia-and-the-kingdom-of-spain\/","og_locale":"ka_GE","og_type":"article","og_title":"Commemoration of the 25th anniversary of the diplomatic bilateral relations between Georgia and the Kingdom of Spain","og_description":"On July 11th 2017 , H.R.H. Crown Prince Davit of Georgia alongside H.R.H. Prince Ugo attended the 25th anniversary since the establishment of the diplomatic bilateral relations between Georgia and The Kingdom of Spain which took place in Tbilisi, Georgia. \u00a0 Attendees to the event included Georgia\u00b4s Deputy\u00a0Minister of Foreign Affairs, H.E. David Zalkaliani, the [&hellip;]","og_url":"https:\/\/www.royalhouseofgeorgia.ge\/ka-ge\/commemoration-of-the-25th-anniversary-of-the-diplomatic-bilateral-relations-between-georgia-and-the-kingdom-of-spain\/","og_site_name":"The Royal House of Georgia","article_published_time":"2017-07-11T10:00:09+00:00","article_modified_time":"2023-11-21T11:06:41+00:00","og_image":[{"width":700,"height":506,"url":"https:\/\/www.royalhouseofgeorgia.ge\/wp-content\/uploads\/2017\/07\/Commemoration-of-the-25th-anniversary-of-the-diplomatic-bilateral-relations-between-Georgia-and-the-Kingdom-of-Spain.png","type":"image\/png"}],"author":"Editorial Staff","twitter_card":"summary_large_image","twitter_misc":{"Written by":"Editorial Staff","Est. reading time":"1 \u10ec\u10e3\u10d7\u10d8"},"schema":{"@context":"https:\/\/schema.org","@graph":[{"@type":"Article","@id":"https:\/\/www.royalhouseofgeorgia.ge\/ka-ge\/commemoration-of-the-25th-anniversary-of-the-diplomatic-bilateral-relations-between-georgia-and-the-kingdom-of-spain\/#article","isPartOf":{"@id":"https:\/\/www.royalhouseofgeorgia.ge\/ka-ge\/commemoration-of-the-25th-anniversary-of-the-diplomatic-bilateral-relations-between-georgia-and-the-kingdom-of-spain\/"},"author":{"name":"Editorial Staff","@id":"https:\/\/www.royalhouseofgeorgia.ge\/ka-ge\/#\/schema\/person\/7af73bbff967380cd4a3478b8bfff705"},"headline":"Commemoration of the 25th anniversary of the diplomatic bilateral relations between Georgia and the Kingdom of Spain","datePublished":"2017-07-11T10:00:09+00:00","dateModified":"2023-11-21T11:06:41+00:00","mainEntityOfPage":{"@id":"https:\/\/www.royalhouseofgeorgia.ge\/ka-ge\/commemoration-of-the-25th-anniversary-of-the-diplomatic-bilateral-relations-between-georgia-and-the-kingdom-of-spain\/"},"wordCount":290,"publisher":{"@id":"https:\/\/www.royalhouseofgeorgia.ge\/ka-ge\/#organization"},"image":{"@id":"https:\/\/www.royalhouseofgeorgia.ge\/ka-ge\/commemoration-of-the-25th-anniversary-of-the-diplomatic-bilateral-relations-between-georgia-and-the-kingdom-of-spain\/#primaryimage"},"thumbnailUrl":"https:\/\/www.royalhouseofgeorgia.ge\/wp-content\/uploads\/2017\/07\/Commemoration-of-the-25th-anniversary-of-the-diplomatic-bilateral-relations-between-Georgia-and-the-Kingdom-of-Spain.png","articleSection":["News"],"inLanguage":"ka-GE"},{"@type":"WebPage","@id":"https:\/\/www.royalhouseofgeorgia.ge\/ka-ge\/commemoration-of-the-25th-anniversary-of-the-diplomatic-bilateral-relations-between-georgia-and-the-kingdom-of-spain\/","url":"https:\/\/www.royalhouseofgeorgia.ge\/ka-ge\/commemoration-of-the-25th-anniversary-of-the-diplomatic-bilateral-relations-between-georgia-and-the-kingdom-of-spain\/","name":"Commemoration of the 25th anniversary of the diplomatic bilateral relations between Georgia and the Kingdom of Spain","isPartOf":{"@id":"https:\/\/www.royalhouseofgeorgia.ge\/ka-ge\/#website"},"primaryImageOfPage":{"@id":"https:\/\/www.royalhouseofgeorgia.ge\/ka-ge\/commemoration-of-the-25th-anniversary-of-the-diplomatic-bilateral-relations-between-georgia-and-the-kingdom-of-spain\/#primaryimage"},"image":{"@id":"https:\/\/www.royalhouseofgeorgia.ge\/ka-ge\/commemoration-of-the-25th-anniversary-of-the-diplomatic-bilateral-relations-between-georgia-and-the-kingdom-of-spain\/#primaryimage"},"thumbnailUrl":"https:\/\/www.royalhouseofgeorgia.ge\/wp-content\/uploads\/2017\/07\/Commemoration-of-the-25th-anniversary-of-the-diplomatic-bilateral-relations-between-Georgia-and-the-Kingdom-of-Spain.png","datePublished":"2017-07-11T10:00:09+00:00","dateModified":"2023-11-21T11:06:41+00:00","breadcrumb":{"@id":"https:\/\/www.royalhouseofgeorgia.ge\/ka-ge\/commemoration-of-the-25th-anniversary-of-the-diplomatic-bilateral-relations-between-georgia-and-the-kingdom-of-spain\/#breadcrumb"},"inLanguage":"ka-GE","potentialAction":[{"@type":"ReadAction","target":["https:\/\/www.royalhouseofgeorgia.ge\/ka-ge\/commemoration-of-the-25th-anniversary-of-the-diplomatic-bilateral-relations-between-georgia-and-the-kingdom-of-spain\/"]}]},{"@type":"ImageObject","inLanguage":"ka-GE","@id":"https:\/\/www.royalhouseofgeorgia.ge\/ka-ge\/commemoration-of-the-25th-anniversary-of-the-diplomatic-bilateral-relations-between-georgia-and-the-kingdom-of-spain\/#primaryimage","url":"https:\/\/www.royalhouseofgeorgia.ge\/wp-content\/uploads\/2017\/07\/Commemoration-of-the-25th-anniversary-of-the-diplomatic-bilateral-relations-between-Georgia-and-the-Kingdom-of-Spain.png","contentUrl":"https:\/\/www.royalhouseofgeorgia.ge\/wp-content\/uploads\/2017\/07\/Commemoration-of-the-25th-anniversary-of-the-diplomatic-bilateral-relations-between-Georgia-and-the-Kingdom-of-Spain.png","width":700,"height":506,"caption":"Picture form left to right H.R.H. Prince Ugo, Ambassador of the Kingdom of Spain to Turkey, Rafael Mend\u00edvil, HRH Crown Prince Davit of Georgia , Mr Mikheil Akhvlediani Honorary Consul of the Kingdom of Spain to Georgia and Mr Victor Murcia Head of the Mission of the Kingdom of Spain to Georgia ."},{"@type":"BreadcrumbList","@id":"https:\/\/www.royalhouseofgeorgia.ge\/ka-ge\/commemoration-of-the-25th-anniversary-of-the-diplomatic-bilateral-relations-between-georgia-and-the-kingdom-of-spain\/#breadcrumb","itemListElement":[{"@type":"ListItem","position":1,"name":"Portada","item":"https:\/\/www.royalhouseofgeorgia.ge\/ka-ge\/"},{"@type":"ListItem","position":2,"name":"Commemoration of the 25th anniversary of the diplomatic bilateral relations between Georgia and the Kingdom of Spain"}]},{"@type":"WebSite","@id":"https:\/\/www.royalhouseofgeorgia.ge\/ka-ge\/#website","url":"https:\/\/www.royalhouseofgeorgia.ge\/ka-ge\/","name":"The Royal House of Georgia","description":"\u10e1\u10d0\u10e5\u10d0\u10e0\u10d7\u10d5\u10d4\u10da\u10dd\u10e1 \u10e1\u10d0\u10db\u10d4\u10e4\u10dd \u10e1\u10d0\u10ee\u10da\u10d8","publisher":{"@id":"https:\/\/www.royalhouseofgeorgia.ge\/ka-ge\/#organization"},"potentialAction":[{"@type":"SearchAction","target":{"@type":"EntryPoint","urlTemplate":"https:\/\/www.royalhouseofgeorgia.ge\/ka-ge\/?s={search_term_string}"},"query-input":{"@type":"PropertyValueSpecification","valueRequired":true,"valueName":"search_term_string"}}],"inLanguage":"ka-GE"},{"@type":"Organization","@id":"https:\/\/www.royalhouseofgeorgia.ge\/ka-ge\/#organization","name":"The Royal House of Georgia","url":"https:\/\/www.royalhouseofgeorgia.ge\/ka-ge\/","logo":{"@type":"ImageObject","inLanguage":"ka-GE","@id":"https:\/\/www.royalhouseofgeorgia.ge\/ka-ge\/#\/schema\/logo\/image\/","url":"https:\/\/www.royalhouseofgeorgia.ge\/wp-content\/uploads\/2019\/04\/cropped-coat-manto2.png","contentUrl":"https:\/\/www.royalhouseofgeorgia.ge\/wp-content\/uploads\/2019\/04\/cropped-coat-manto2.png","width":512,"height":512,"caption":"The Royal House of Georgia"},"image":{"@id":"https:\/\/www.royalhouseofgeorgia.ge\/ka-ge\/#\/schema\/logo\/image\/"}},{"@type":"Person","@id":"https:\/\/www.royalhouseofgeorgia.ge\/ka-ge\/#\/schema\/person\/7af73bbff967380cd4a3478b8bfff705","name":"Editorial Staff","image":{"@type":"ImageObject","inLanguage":"ka-GE","@id":"https:\/\/secure.gravatar.com\/avatar\/a10c515f0fe9c5af56d93a83a5749bed1b793686a8719ca5c5a448a326ad7149?s=96&d=mm&r=g","url":"https:\/\/secure.gravatar.com\/avatar\/a10c515f0fe9c5af56d93a83a5749bed1b793686a8719ca5c5a448a326ad7149?s=96&d=mm&r=g","contentUrl":"https:\/\/secure.gravatar.com\/avatar\/a10c515f0fe9c5af56d93a83a5749bed1b793686a8719ca5c5a448a326ad7149?s=96&d=mm&r=g","caption":"Editorial Staff"}}]}},"_links":{"self":[{"href":"https:\/\/www.royalhouseofgeorgia.ge\/ka-ge\/wp-json\/wp\/v2\/posts\/63135","targetHints":{"allow":["GET"]}}],"collection":[{"href":"https:\/\/www.royalhouseofgeorgia.ge\/ka-ge\/wp-json\/wp\/v2\/posts"}],"about":[{"href":"https:\/\/www.royalhouseofgeorgia.ge\/ka-ge\/wp-json\/wp\/v2\/types\/post"}],"author":[{"embeddable":true,"href":"https:\/\/www.royalhouseofgeorgia.ge\/ka-ge\/wp-json\/wp\/v2\/users\/2"}],"replies":[{"embeddable":true,"href":"https:\/\/www.royalhouseofgeorgia.ge\/ka-ge\/wp-json\/wp\/v2\/comments?post=63135"}],"version-history":[{"count":0,"href":"https:\/\/www.royalhouseofgeorgia.ge\/ka-ge\/wp-json\/wp\/v2\/posts\/63135\/revisions"}],"wp:featuredmedia":[{"embeddable":true,"href":"https:\/\/www.royalhouseofgeorgia.ge\/ka-ge\/wp-json\/wp\/v2\/media\/63138"}],"wp:attachment":[{"href":"https:\/\/www.royalhouseofgeorgia.ge\/ka-ge\/wp-json\/wp\/v2\/media?parent=63135"}],"wp:term":[{"taxonomy":"category","embeddable":true,"href":"https:\/\/www.royalhouseofgeorgia.ge\/ka-ge\/wp-json\/wp\/v2\/categories?post=63135"},{"taxonomy":"post_tag","embeddable":true,"href":"https:\/\/www.royalhouseofgeorgia.ge\/ka-ge\/wp-json\/wp\/v2\/tags?post=63135"}],"curies":[{"name":"wp","href":"https:\/\/api.w.org\/{rel}","templated":true}]}}